{"id":2313,"date":"2025-05-16T08:20:41","date_gmt":"2025-05-16T08:20:41","guid":{"rendered":"https:\/\/energiasrenovableshg.com\/cogiti-valencia\/"},"modified":"2025-05-16T08:20:41","modified_gmt":"2025-05-16T08:20:41","slug":"cogiti-valencia","status":"publish","type":"post","link":"https:\/\/energiasrenovableshg.com\/de\/cogiti-valencia\/","title":{"rendered":"COGITI Val\u00e8ncia"},"content":{"rendered":"<p data-start=\"257\" data-end=\"450\">Am <strong data-start=\"267\" data-end=\"280\">6. Mai<\/strong> nahm <strong data-start=\"282\" data-end=\"308\">Energ\u00edas Renovables HG<\/strong> an der Konferenz teil, die von der <strong data-start=\"357\" data-end=\"379\">COGITI in Valencia<\/strong> anl\u00e4sslich des <strong data-start=\"396\" data-end=\"449\">Welttages f\u00fcr Sicherheit und Gesundheit am Arbeitsplatz<\/strong> organisiert wurde <strong data-start=\"396\" data-end=\"449\">.<\/strong><\/p>\n<p data-start=\"452\" data-end=\"852\">W\u00e4hrend des Treffens hob <strong data-start=\"474\" data-end=\"491\">Eliseo Ferrer<\/strong>, ein Techniker f\u00fcr Risikopr\u00e4vention am Arbeitsplatz, die wichtige Rolle hervor, die der <strong data-start=\"586\" data-end=\"628\">technische Ingenieur in der ORP<\/strong> spielt, insbesondere im Bereich der Arbeiten und Anlagen. Sein Beitrag unterstrich die Notwendigkeit, die Pr\u00e4vention bereits in der Planungsphase von Projekten zu ber\u00fccksichtigen, um so eine sicherere und effizientere Arbeitsumgebung zu gew\u00e4hrleisten. <\/p>\n<p data-start=\"854\" data-end=\"1252\">Bei <strong data-start=\"857\" data-end=\"883\">Energ\u00edas Renovables HG<\/strong> haben wir uns der <strong data-start=\"923\" data-end=\"945\">kontinuierlichen Weiterbildung<\/strong>, der <strong data-start=\"950\" data-end=\"981\">beruflichen Verantwortung<\/strong> und der <strong data-start=\"987\" data-end=\"1039\">st\u00e4ndigen Verbesserung der Arbeitssicherheit<\/strong> verschrieben.<br data-start=\"1040\" data-end=\"1043\">Wir arbeiten jeden Tag daran, ein sicheres Umfeld zu gew\u00e4hrleisten, sowohl f\u00fcr unsere Teams als auch f\u00fcr unsere Kunden, denn wir wissen, dass Vorbeugung nicht nur eine gesetzliche Verpflichtung ist, sondern eine st\u00e4ndige Einstellung.<\/p>\n","protected":false},"excerpt":{"rendered":"<p>Am 6. Mai nahm Energ\u00edas Renovables HG an der Konferenz teil, die von der COGITI in Valencia anl\u00e4sslich des Welttages f\u00fcr Sicherheit und Gesundheit am Arbeitsplatz organisiert wurde . W\u00e4hrend des Treffens hob Eliseo Ferrer, ein Techniker f\u00fcr Risikopr\u00e4vention am Arbeitsplatz, die wichtige Rolle hervor, die der technische Ingenieur in der ORP spielt, insbesondere im [&hellip;]<\/p>\n","protected":false},"author":1,"featured_media":2290,"comment_status":"closed","ping_status":"open","sticky":false,"template":"","format":"standard","meta":{"_joinchat":[],"footnotes":""},"categories":[10],"tags":[],"class_list":["post-2313","post","type-post","status-publish","format-standard","has-post-thumbnail","hentry","category-unkategorisiert"],"_links":{"self":[{"href":"https:\/\/energiasrenovableshg.com\/de\/wp-json\/wp\/v2\/posts\/2313","targetHints":{"allow":["GET"]}}],"collection":[{"href":"https:\/\/energiasrenovableshg.com\/de\/wp-json\/wp\/v2\/posts"}],"about":[{"href":"https:\/\/energiasrenovableshg.com\/de\/wp-json\/wp\/v2\/types\/post"}],"author":[{"embeddable":true,"href":"https:\/\/energiasrenovableshg.com\/de\/wp-json\/wp\/v2\/users\/1"}],"replies":[{"embeddable":true,"href":"https:\/\/energiasrenovableshg.com\/de\/wp-json\/wp\/v2\/comments?post=2313"}],"version-history":[{"count":0,"href":"https:\/\/energiasrenovableshg.com\/de\/wp-json\/wp\/v2\/posts\/2313\/revisions"}],"wp:featuredmedia":[{"embeddable":true,"href":"https:\/\/energiasrenovableshg.com\/de\/wp-json\/wp\/v2\/media\/2290"}],"wp:attachment":[{"href":"https:\/\/energiasrenovableshg.com\/de\/wp-json\/wp\/v2\/media?parent=2313"}],"wp:term":[{"taxonomy":"category","embeddable":true,"href":"https:\/\/energiasrenovableshg.com\/de\/wp-json\/wp\/v2\/categories?post=2313"},{"taxonomy":"post_tag","embeddable":true,"href":"https:\/\/energiasrenovableshg.com\/de\/wp-json\/wp\/v2\/tags?post=2313"}],"curies":[{"name":"wp","href":"https:\/\/api.w.org\/{rel}","templated":true}]}}